{"id":56,"date":"2023-03-27T21:05:44","date_gmt":"2023-03-27T19:05:44","guid":{"rendered":"https:\/\/www.lodex.at\/?p=56"},"modified":"2025-02-25T19:30:01","modified_gmt":"2025-02-25T18:30:01","slug":"bim-bei-der-kmus","status":"publish","type":"post","link":"https:\/\/www.lodex.at\/hu\/bim-bei-der-kmus\/","title":{"rendered":"BIM a KKV szektorban"},"content":{"rendered":"<h2 class=\"wp-block-heading\">A technol\u00f3giai innov\u00e1ci\u00f3, mint a BIM elterjed\u00e9s\u00e9nek kataliz\u00e1tora<\/h2>\n\n\n\n<p>A BIM-et ma m\u00e1r a vil\u00e1g sz\u00e1mos orsz\u00e1g\u00e1ban sz\u00e9les k\u00f6rben alkalmazz\u00e1k, \u00e9s az elm\u00falt \u00e9vekben Magyarorsz\u00e1gon is egyre jobban el\u0151t\u00e9rbe ker\u00fclt. <\/p>\n\n\n\n<p>A BIM-et els\u0151sorban a nagy \u00e9p\u00edt\u00e9si projektekn\u00e9l haszn\u00e1lj\u00e1k, azonban a kis- \u00e9s k\u00f6z\u00e9pv\u00e1llalkoz\u00e1sok (kkv-k) is elkezdt\u00e9k haszn\u00e1lni ezt a technol\u00f3gi\u00e1t a munkafolyamatok optimaliz\u00e1l\u00e1sa \u00e9s a k\u00f6lts\u00e9gek megtakar\u00edt\u00e1sa \u00e9rdek\u00e9ben. Ez els\u0151sorban a BIM \u00e1ltal k\u00edn\u00e1lt el\u0151ny\u00f6k miatt v\u00e1lik egyre n\u00e9pszer\u0171bb\u00e9.<\/p>\n\n\n\n<p>Az egyik legnagyobb el\u0151nye, hogy jav\u00edtja az egy\u00fcttm\u0171k\u00f6d\u00e9st az \u00e9p\u00edt\u00e9si folyamatban r\u00e9szt vev\u0151 k\u00fcl\u00f6nb\u00f6z\u0151 felek k\u00f6z\u00f6tt. Tov\u00e1bb\u00e1 lehet\u0151v\u00e9 teszi, hogy minden relev\u00e1ns inform\u00e1ci\u00f3t egy k\u00f6zponti modellben t\u00e1roljanak, \u00e9s b\u00e1rmikor lek\u00e9rdezhessenek. Ez\u00e1ltal elker\u00fclhet\u0151k a hib\u00e1k \u00e9s a f\u00e9lre\u00e9rt\u00e9sek, \u00e9s az eg\u00e9sz \u00e9p\u00edt\u00e9si folyamat hat\u00e9konyabb\u00e1 v\u00e1lik.<\/p>\n\n\n\n<p>A BIM haszn\u00e1lata el\u0151seg\u00edti az \u00e9p\u00edt\u00e9si folyamatok pontosabb tervez\u00e9s\u00e9t \u00e9s vizualiz\u00e1l\u00e1s\u00e1t. Az \u00e9p\u00fclet h\u00e1romdimenzi\u00f3s modellj\u00e9nek fel\u00e9p\u00edt\u00e9s\u00e9vel virtu\u00e1lisan is bel\u00e9phet\u00fcnk az \u00e9p\u00fcletbe. Ez lehet\u0151v\u00e9 teszi, hogy a lehets\u00e9ges probl\u00e9m\u00e1kat m\u00e1r a tervez\u00e9si f\u00e1zisban felismerj\u00e9k \u00e9s orvosolj\u00e1k, miel\u0151tt a projekt az \u00e9p\u00edt\u00e9si f\u00e1zisba l\u00e9pne.<\/p>\n\n\n\n<p>Magyarorsz\u00e1gon m\u00e1r sz\u00e1mos magas- \u00e9s m\u00e9ly\u00e9p\u00edt\u00e9ssel foglakoz\u00f3 kkv d\u00f6nt\u00f6tt a BIM haszn\u00e1lata mellett, \u00e9s \u00edgy a munkafolyamatokba be\u00e9p\u00edtve profit\u00e1l a technol\u00f3gia ny\u00fajtotta el\u0151ny\u00f6kb\u0151l.<\/p>\n\n\n\n<p><\/p>","protected":false},"excerpt":{"rendered":"<p>A technol\u00f3giai innov\u00e1ci\u00f3, mint a BIM elterjed\u00e9s\u00e9nek kataliz\u00e1tora<\/p>","protected":false},"author":1,"featured_media":39,"comment_status":"closed","ping_status":"closed","sticky":false,"template":"","format":"standard","meta":{"_acf_changed":false,"footnotes":""},"categories":[3],"tags":[],"class_list":["post-56","post","type-post","status-publish","format-standard","has-post-thumbnail","hentry","category-bim"],"acf":[],"_links":{"self":[{"href":"https:\/\/www.lodex.at\/hu\/wp-json\/wp\/v2\/posts\/56","targetHints":{"allow":["GET"]}}],"collection":[{"href":"https:\/\/www.lodex.at\/hu\/wp-json\/wp\/v2\/posts"}],"about":[{"href":"https:\/\/www.lodex.at\/hu\/wp-json\/wp\/v2\/types\/post"}],"author":[{"embeddable":true,"href":"https:\/\/www.lodex.at\/hu\/wp-json\/wp\/v2\/users\/1"}],"replies":[{"embeddable":true,"href":"https:\/\/www.lodex.at\/hu\/wp-json\/wp\/v2\/comments?post=56"}],"version-history":[{"count":1,"href":"https:\/\/www.lodex.at\/hu\/wp-json\/wp\/v2\/posts\/56\/revisions"}],"predecessor-version":[{"id":243,"href":"https:\/\/www.lodex.at\/hu\/wp-json\/wp\/v2\/posts\/56\/revisions\/243"}],"wp:featuredmedia":[{"embeddable":true,"href":"https:\/\/www.lodex.at\/hu\/wp-json\/wp\/v2\/media\/39"}],"wp:attachment":[{"href":"https:\/\/www.lodex.at\/hu\/wp-json\/wp\/v2\/media?parent=56"}],"wp:term":[{"taxonomy":"category","embeddable":true,"href":"https:\/\/www.lodex.at\/hu\/wp-json\/wp\/v2\/categories?post=56"},{"taxonomy":"post_tag","embeddable":true,"href":"https:\/\/www.lodex.at\/hu\/wp-json\/wp\/v2\/tags?post=56"}],"curies":[{"name":"wp","href":"https:\/\/api.w.org\/{rel}","templated":true}]}}